{"id":1807561,"date":"2025-10-14T09:37:39","date_gmt":"2025-10-14T14:37:39","guid":{"rendered":"https:\/\/www.triathlonquebec.org\/?post_type=blogue&#038;p=1807561"},"modified":"2025-10-30T14:27:03","modified_gmt":"2025-10-30T19:27:03","slug":"finalistes-du-gala-triathlon-quebec-2025","status":"publish","type":"blogue","link":"https:\/\/www.triathlonquebec.org\/en\/blogue\/finalistes-du-gala-triathlon-quebec-2025\/","title":{"rendered":"Finalistes du Gala Triathlon Qu\u00e9bec 2025"},"content":{"rendered":"<p>Le moment tant attendu est enfin arriv\u00e9 : Triathlon Qu\u00e9bec est fier de r\u00e9v\u00e9ler les finalistes du Gala 2025 !<\/p>\n<p data-start=\"257\" data-end=\"545\">Le 22 novembre, rendez-vous \u00e0 la magnifique Salle Mont-Blanc de Laval pour une soir\u00e9e remplie d\u2019\u00e9motion, de fiert\u00e9 et de c\u00e9l\u00e9bration, o\u00f9 nous rendrons hommage aux athl\u00e8tes, aux entra\u00eeneur\u00b7es, aux officiel\u00b7les, aux clubs et aux \u00e9v\u00e9nements qui ont marqu\u00e9 la saison 2025.<\/p>\n<p data-start=\"690\" data-end=\"788\">Voici, sans plus attendre, la liste compl\u00e8te des finalistes du Gala Triathlon Qu\u00e9bec 2025 :<\/p>\n<p><strong>VOLET : ATHL\u00c8TES<\/strong><\/p>\n<p><strong>Athl\u00e8te jeunesse f\u00e9minine<\/strong><\/p>\n<ul>\n<li>Heidi K\u00f6szegi &#8211; Club de triathlon Tri-O-Lacs<\/li>\n<li>Jeanne Maillet &#8211; Triomax Junior de Drummondville<\/li>\n<li>Joliane Martin &#8211; Triomax Junior de Drummondville<\/li>\n<li>Rapha\u00eblle Moffet<\/li>\n<\/ul>\n<p><strong>Athl\u00e8te junior f\u00e9minine\u00a0<\/strong><\/p>\n<ul>\n<li>B\u00e9atrice Fillion<\/li>\n<li>B\u00e9atrice Normand<\/li>\n<li>Ma\u00eblly Lamontagne &#8211; Tribut Triathlon<\/li>\n<li>Sara Champoux &#8211; Triathlon Junior L\u00e9vis<\/li>\n<\/ul>\n<p><strong>Athl\u00e8te \u00e9lite f\u00e9minine\u00a0<\/strong><\/p>\n<ul>\n<li>Emy Legault &#8211; CSL Triathlon<\/li>\n<li>Ma\u00efra Carreau<\/li>\n<li>Isla Britton<\/li>\n<\/ul>\n<p><strong>Athl\u00e8te multisport f\u00e9minine\u00a0<\/strong><\/p>\n<ul>\n<li>Alana Bonner<\/li>\n<li>Alice C\u00f4t\u00e9-Allard<\/li>\n<li>Carolyne Guay<\/li>\n<\/ul>\n<p><strong>Athl\u00e8te GA f\u00e9minine<\/strong><\/p>\n<ul>\n<li>Annie-Claude B\u00e9dard &#8211; Triathlon Laval<\/li>\n<li>Lyliane Loyer<\/li>\n<li>Marie-Anne Patry Tessier<\/li>\n<\/ul>\n<p><strong>Athl\u00e8te jeunesse masculin<\/strong><\/p>\n<ul>\n<li>Liam Cousineau &#8211; Jet Triathlon<\/li>\n<li>Lucas Faust &#8211; Jet Triathlon<\/li>\n<li>Nehemiah Bernier &#8211; Club de triathlon Tri-O-Lacs<\/li>\n<li>Simon Gagn\u00e9 &#8211; Triomax Junior de Drummondville<\/li>\n<\/ul>\n<p><strong>Athl\u00e8te junior masculin<\/strong><\/p>\n<ul>\n<li>L\u00e9andre Binette &#8211; Opus Triathlon<\/li>\n<li>L\u00e9o Savoie &#8211; Opus Triathlon<\/li>\n<li>Olivier Houle &#8211; Triathlon Junior L\u00e9vis<\/li>\n<li>Robi Racine &#8211; Jet Triathlon<\/li>\n<\/ul>\n<p><strong>Athl\u00e8te \u00e9lite masculin<\/strong><\/p>\n<ul>\n<li>Charles Paquet<\/li>\n<li>Mathis Beaulieu<\/li>\n<li>Pavlos Antoniades<\/li>\n<\/ul>\n<p><strong>Athl\u00e8te multisport masculin<\/strong><\/p>\n<ul>\n<li>Gilles-Alex Dessap<\/li>\n<li>Nicolas Gilbert<\/li>\n<li>Nicolas Harvey<\/li>\n<\/ul>\n<p><strong>Athl\u00e8te GA masculin (cat\u00e9gorie ouverte)<\/strong><\/p>\n<ul>\n<li>\u00c9tienne Chevrier &#8211; Club de triathlon Tri-O-Lacs<\/li>\n<li>Luc Champigny<\/li>\n<li>Xavier Michaud<\/li>\n<\/ul>\n<p><strong>VOLET : ENTRA\u00ceNEUR.E.S<\/strong><\/p>\n<p><strong>Entra\u00eeneur.e jeunesse\u00a0<\/strong><\/p>\n<ul>\n<li>Ariane Landry &#8211; Jet Triathlon<\/li>\n<li>F\u00e9licia Arguin &#8211; Les Z\u00e9clairs de Nicolet<\/li>\n<li>Sarah-Maude L\u00e9vesque &#8211; Triomax Junior de Drummondville<\/li>\n<\/ul>\n<p><strong>Entra\u00eeneur.e d\u00e9veloppement\u00a0<\/strong><\/p>\n<ul>\n<li>Fabrice Arguin &#8211; Les Z\u00e9clairs de Nicolet<\/li>\n<li>Lucie Turcotte &#8211; Acad\u00e9mie Ste-Th\u00e9r\u00e8se<\/li>\n<li>Maxime Lemire &#8211; Triomax Junior de Drummondville<\/li>\n<\/ul>\n<p><strong>Entra\u00eeneur.e excellence\u00a0<\/strong><\/p>\n<ul>\n<li>Fr\u00e9d\u00e9ric Jardot &#8211; Triathlon Junior L\u00e9vis<\/li>\n<li>Kyla Rollinson &#8211; Triathlon CSL<\/li>\n<li>Luc Morin<\/li>\n<\/ul>\n<p><strong>Entra\u00eeneur.e GA\u00a0<\/strong><\/p>\n<ul>\n<li>\u00c9ric Douville &#8211; Triathlon Laval<\/li>\n<li>Sylvie Vicaire &#8211; TriOsisko Triathlon<\/li>\n<li>Vincent Auger &#8211; Club de triathlon de Sherbrooke<\/li>\n<\/ul>\n<p><strong>VOLET : OFFICIEL.LE.S<\/strong><\/p>\n<p><strong>Prix Pierre Jeannotte\u00a0<\/strong><\/p>\n<ul>\n<li>Christian Rioux<\/li>\n<li>Fran\u00e7ois Mercier<\/li>\n<li>Kim Boyd<\/li>\n<li>Sylvie Vicaire<\/li>\n<\/ul>\n<p><strong>Officiel.le recrue de l\u2019ann\u00e9e\u00a0<\/strong><\/p>\n<ul>\n<li>Audrey Lavergne<\/li>\n<li>Gabriel Champigny<\/li>\n<li>Vicky Roy<\/li>\n<\/ul>\n<p><strong>VOLET : CLUBS<\/strong><\/p>\n<p><strong>Club jeunesse<\/strong><\/p>\n<ul>\n<li>Club Espoir Triathlon Gatineau<\/li>\n<li>Jet Triathlon<\/li>\n<li>Triomax Junior de Drummondville<\/li>\n<\/ul>\n<p><strong>Club d\u00e9veloppement\u00a0<\/strong><\/p>\n<ul>\n<li>Club de triathlon Tri-O-Lacs<\/li>\n<li>Triathlon Junior L\u00e9vis<\/li>\n<li>Triomax Junior de Drummondville<\/li>\n<\/ul>\n<p><strong>Club adulte<\/strong><\/p>\n<ul>\n<li>Triathlon Laval<\/li>\n<li>Club de triathlon de Sherbrooke<\/li>\n<li>Club de triathlon de l&#8217;Universit\u00e9 de Montr\u00e9al<\/li>\n<\/ul>\n<p><strong>VOLET : \u00c9V\u00c9NEMENTS <\/strong><\/p>\n<p><strong>\u00c9v\u00e9nement scolaire<\/strong><\/p>\n<ul>\n<li>Triathlon scolaire : Centre de services scolaire des Hautes-Rivi\u00e8res (CSSDHR)<\/li>\n<li>Triathlon scolaire : St-Hyacinthe (Bois-Joli\/Sacr\u00e9 Coeur)<\/li>\n<li>Triathlon scolaire : St-Jer\u00f4me<\/li>\n<\/ul>\n<p><strong>\u00c9v\u00e9nement r\u00e9gional\u00a0<\/strong><\/p>\n<ul>\n<li>Aquathlon S-TRIMAN<\/li>\n<li>Triathlon \u00c9PIQ<\/li>\n<li>Triathlon Mont-Saint-Mathieu<\/li>\n<li>Triathlon Poh\u00e9n\u00e9gamook<\/li>\n<\/ul>\n<p><strong>\u00c9v\u00e9nement provincial\u00a0<\/strong><\/p>\n<ul>\n<li>Triathlon-Duathlon de Boucherville<\/li>\n<li>Triathlon Lac Etchemin<\/li>\n<li>Triathlon Saint-Lambert<\/li>\n<li>Triathlon de Valleyfield<\/li>\n<\/ul>\n<p><strong>\u00c9v\u00e9nement national\u00a0<\/strong><\/p>\n<ul>\n<li>SAIL Challenge Esprit Montr\u00e9al<\/li>\n<\/ul>\n<p><strong>\u00c9v\u00e9nement international<\/strong><\/p>\n<ul>\n<li>IRONMAN 70.3 Mont-Tremblant<\/li>\n<li>Trimemphr\u00e9 Magog<\/li>\n<li>S\u00e9rie Para de World Triathlon de Montr\u00e9al<\/li>\n<\/ul>\n<p><strong>\u00c9v\u00e9nement \u00c9coTQ<\/strong><\/p>\n<ul>\n<li>IRONMAN 70.3 Mont-Tremblant<\/li>\n<li>Pentathlon des neiges<\/li>\n<li>Triathlon-Duathlon de Boucherville<\/li>\n<\/ul>\n<p><strong>\u00c9v\u00e9nement coup de coeur<\/strong><\/p>\n<ul>\n<li>Triathlon \u00c9PIQ<\/li>\n<li>Triathlon Mont-Saint-Mathieu<\/li>\n<li>Triathlon Poh\u00e9n\u00e9gamook<\/li>\n<li>Triathlon de Vallyfield<\/li>\n<\/ul>\n\n\n<p><br><\/p>\n\n\n\n<p><\/p>\n","protected":false},"excerpt":{"rendered":"<p>Le moment tant attendu est enfin arriv\u00e9 : Triathlon Qu\u00e9bec est fier de r\u00e9v\u00e9ler les finalistes du Gala 2025 ! Le 22 novembre, rendez-vous \u00e0 la magnifique Salle Mont-Blanc de Laval pour une soir\u00e9e remplie d\u2019\u00e9motion, de fiert\u00e9 et de c\u00e9l\u00e9bration, o\u00f9 nous rendrons hommage aux athl\u00e8tes, aux entra\u00eeneur\u00b7es, aux officiel\u00b7les, aux clubs et aux [&hellip;]<\/p>\n","protected":false},"featured_media":1807703,"template":"","meta":[],"categorie-actualites":[376,377,380],"class_list":["post-1807561","blogue","type-blogue","status-publish","has-post-thumbnail","hentry","categorie-actualites-evenements","categorie-actualites-federation-triathlon-quebec","categorie-actualites-manchette"],"yoast_head":"<!-- This site is optimized with the Yoast SEO plugin v27.5 - https:\/\/yoast.com\/product\/yoast-seo-wordpress\/ -->\n<title>Nouvelles |\u00a0Triathlon Qu\u00e9bec<\/title>\n<meta name=\"description\" content=\"R\u00e9sultats, \u00e9v\u00e9nements, portraits inspirants, restez connect\u00e9\u00b7e \u00e0 tout ce qui anime la communaut\u00e9 de triathlon au Qu\u00e9bec.\" \/>\n<meta name=\"robots\" content=\"index, follow, max-snippet:-1, max-image-preview:large, max-video-preview:-1\" \/>\n<link rel=\"canonical\" href=\"https:\/\/www.triathlonquebec.org\/en\/blogue\/finalistes-du-gala-triathlon-quebec-2025\/\" \/>\n<meta property=\"og:locale\" content=\"en_US\" \/>\n<meta property=\"og:type\" content=\"article\" \/>\n<meta property=\"og:title\" content=\"Nouvelles |\u00a0Triathlon Qu\u00e9bec\" \/>\n<meta property=\"og:description\" content=\"R\u00e9sultats, \u00e9v\u00e9nements, portraits inspirants, restez connect\u00e9\u00b7e \u00e0 tout ce qui anime la communaut\u00e9 de triathlon au Qu\u00e9bec.\" \/>\n<meta property=\"og:url\" content=\"https:\/\/www.triathlonquebec.org\/en\/blogue\/finalistes-du-gala-triathlon-quebec-2025\/\" \/>\n<meta property=\"og:site_name\" content=\"Triathlon Qu\u00e9bec\" \/>\n<meta property=\"article:modified_time\" content=\"2025-10-30T19:27:03+00:00\" \/>\n<meta property=\"og:image\" content=\"https:\/\/www.triathlonquebec.org\/wp-content\/uploads\/2025\/10\/finalistes-gala-2024-7-scaled.png\" \/>\n\t<meta property=\"og:image:width\" content=\"2560\" \/>\n\t<meta property=\"og:image:height\" content=\"711\" \/>\n\t<meta property=\"og:image:type\" content=\"image\/png\" \/>\n<meta name=\"twitter:card\" content=\"summary_large_image\" \/>\n<meta name=\"twitter:label1\" content=\"Est. reading time\" \/>\n\t<meta name=\"twitter:data1\" content=\"3 minutes\" \/>\n<script type=\"application\/ld+json\" class=\"yoast-schema-graph\">{\"@context\":\"https:\\\/\\\/schema.org\",\"@graph\":[{\"@type\":\"WebPage\",\"@id\":\"https:\\\/\\\/www.triathlonquebec.org\\\/en\\\/blogue\\\/finalistes-du-gala-triathlon-quebec-2025\\\/\",\"url\":\"https:\\\/\\\/www.triathlonquebec.org\\\/en\\\/blogue\\\/finalistes-du-gala-triathlon-quebec-2025\\\/\",\"name\":\"Nouvelles |\u00a0Triathlon Qu\u00e9bec\",\"isPartOf\":{\"@id\":\"https:\\\/\\\/www.triathlonquebec.org\\\/en\\\/#website\"},\"primaryImageOfPage\":{\"@id\":\"https:\\\/\\\/www.triathlonquebec.org\\\/en\\\/blogue\\\/finalistes-du-gala-triathlon-quebec-2025\\\/#primaryimage\"},\"image\":{\"@id\":\"https:\\\/\\\/www.triathlonquebec.org\\\/en\\\/blogue\\\/finalistes-du-gala-triathlon-quebec-2025\\\/#primaryimage\"},\"thumbnailUrl\":\"https:\\\/\\\/www.triathlonquebec.org\\\/wp-content\\\/uploads\\\/2025\\\/10\\\/finalistes-gala-2024-7-scaled.png\",\"datePublished\":\"2025-10-14T14:37:39+00:00\",\"dateModified\":\"2025-10-30T19:27:03+00:00\",\"description\":\"R\u00e9sultats, \u00e9v\u00e9nements, portraits inspirants, restez connect\u00e9\u00b7e \u00e0 tout ce qui anime la communaut\u00e9 de triathlon au Qu\u00e9bec.\",\"breadcrumb\":{\"@id\":\"https:\\\/\\\/www.triathlonquebec.org\\\/en\\\/blogue\\\/finalistes-du-gala-triathlon-quebec-2025\\\/#breadcrumb\"},\"inLanguage\":\"en-US\",\"potentialAction\":[{\"@type\":\"ReadAction\",\"target\":[\"https:\\\/\\\/www.triathlonquebec.org\\\/en\\\/blogue\\\/finalistes-du-gala-triathlon-quebec-2025\\\/\"]}]},{\"@type\":\"ImageObject\",\"inLanguage\":\"en-US\",\"@id\":\"https:\\\/\\\/www.triathlonquebec.org\\\/en\\\/blogue\\\/finalistes-du-gala-triathlon-quebec-2025\\\/#primaryimage\",\"url\":\"https:\\\/\\\/www.triathlonquebec.org\\\/wp-content\\\/uploads\\\/2025\\\/10\\\/finalistes-gala-2024-7-scaled.png\",\"contentUrl\":\"https:\\\/\\\/www.triathlonquebec.org\\\/wp-content\\\/uploads\\\/2025\\\/10\\\/finalistes-gala-2024-7-scaled.png\",\"width\":2560,\"height\":711},{\"@type\":\"BreadcrumbList\",\"@id\":\"https:\\\/\\\/www.triathlonquebec.org\\\/en\\\/blogue\\\/finalistes-du-gala-triathlon-quebec-2025\\\/#breadcrumb\",\"itemListElement\":[{\"@type\":\"ListItem\",\"position\":1,\"name\":\"Accueil\",\"item\":\"https:\\\/\\\/www.triathlonquebec.org\\\/en\\\/\"},{\"@type\":\"ListItem\",\"position\":2,\"name\":\"Actualit\u00e9s\",\"item\":\"https:\\\/\\\/www.triathlonquebec.org\\\/en\\\/blogue\\\/\"},{\"@type\":\"ListItem\",\"position\":3,\"name\":\"Finalistes du Gala Triathlon Qu\u00e9bec 2025\"}]},{\"@type\":\"WebSite\",\"@id\":\"https:\\\/\\\/www.triathlonquebec.org\\\/en\\\/#website\",\"url\":\"https:\\\/\\\/www.triathlonquebec.org\\\/en\\\/\",\"name\":\"Triathlon Qu\u00e9bec\",\"description\":\"\",\"potentialAction\":[{\"@type\":\"SearchAction\",\"target\":{\"@type\":\"EntryPoint\",\"urlTemplate\":\"https:\\\/\\\/www.triathlonquebec.org\\\/en\\\/?s={search_term_string}\"},\"query-input\":{\"@type\":\"PropertyValueSpecification\",\"valueRequired\":true,\"valueName\":\"search_term_string\"}}],\"inLanguage\":\"en-US\"}]}<\/script>\n<!-- \/ Yoast SEO plugin. -->","yoast_head_json":{"title":"Nouvelles |\u00a0Triathlon Qu\u00e9bec","description":"R\u00e9sultats, \u00e9v\u00e9nements, portraits inspirants, restez connect\u00e9\u00b7e \u00e0 tout ce qui anime la communaut\u00e9 de triathlon au Qu\u00e9bec.","robots":{"index":"index","follow":"follow","max-snippet":"max-snippet:-1","max-image-preview":"max-image-preview:large","max-video-preview":"max-video-preview:-1"},"canonical":"https:\/\/www.triathlonquebec.org\/en\/blogue\/finalistes-du-gala-triathlon-quebec-2025\/","og_locale":"en_US","og_type":"article","og_title":"Nouvelles |\u00a0Triathlon Qu\u00e9bec","og_description":"R\u00e9sultats, \u00e9v\u00e9nements, portraits inspirants, restez connect\u00e9\u00b7e \u00e0 tout ce qui anime la communaut\u00e9 de triathlon au Qu\u00e9bec.","og_url":"https:\/\/www.triathlonquebec.org\/en\/blogue\/finalistes-du-gala-triathlon-quebec-2025\/","og_site_name":"Triathlon Qu\u00e9bec","article_modified_time":"2025-10-30T19:27:03+00:00","og_image":[{"width":2560,"height":711,"url":"https:\/\/www.triathlonquebec.org\/wp-content\/uploads\/2025\/10\/finalistes-gala-2024-7-scaled.png","type":"image\/png"}],"twitter_card":"summary_large_image","twitter_misc":{"Est. reading time":"3 minutes"},"schema":{"@context":"https:\/\/schema.org","@graph":[{"@type":"WebPage","@id":"https:\/\/www.triathlonquebec.org\/en\/blogue\/finalistes-du-gala-triathlon-quebec-2025\/","url":"https:\/\/www.triathlonquebec.org\/en\/blogue\/finalistes-du-gala-triathlon-quebec-2025\/","name":"Nouvelles |\u00a0Triathlon Qu\u00e9bec","isPartOf":{"@id":"https:\/\/www.triathlonquebec.org\/en\/#website"},"primaryImageOfPage":{"@id":"https:\/\/www.triathlonquebec.org\/en\/blogue\/finalistes-du-gala-triathlon-quebec-2025\/#primaryimage"},"image":{"@id":"https:\/\/www.triathlonquebec.org\/en\/blogue\/finalistes-du-gala-triathlon-quebec-2025\/#primaryimage"},"thumbnailUrl":"https:\/\/www.triathlonquebec.org\/wp-content\/uploads\/2025\/10\/finalistes-gala-2024-7-scaled.png","datePublished":"2025-10-14T14:37:39+00:00","dateModified":"2025-10-30T19:27:03+00:00","description":"R\u00e9sultats, \u00e9v\u00e9nements, portraits inspirants, restez connect\u00e9\u00b7e \u00e0 tout ce qui anime la communaut\u00e9 de triathlon au Qu\u00e9bec.","breadcrumb":{"@id":"https:\/\/www.triathlonquebec.org\/en\/blogue\/finalistes-du-gala-triathlon-quebec-2025\/#breadcrumb"},"inLanguage":"en-US","potentialAction":[{"@type":"ReadAction","target":["https:\/\/www.triathlonquebec.org\/en\/blogue\/finalistes-du-gala-triathlon-quebec-2025\/"]}]},{"@type":"ImageObject","inLanguage":"en-US","@id":"https:\/\/www.triathlonquebec.org\/en\/blogue\/finalistes-du-gala-triathlon-quebec-2025\/#primaryimage","url":"https:\/\/www.triathlonquebec.org\/wp-content\/uploads\/2025\/10\/finalistes-gala-2024-7-scaled.png","contentUrl":"https:\/\/www.triathlonquebec.org\/wp-content\/uploads\/2025\/10\/finalistes-gala-2024-7-scaled.png","width":2560,"height":711},{"@type":"BreadcrumbList","@id":"https:\/\/www.triathlonquebec.org\/en\/blogue\/finalistes-du-gala-triathlon-quebec-2025\/#breadcrumb","itemListElement":[{"@type":"ListItem","position":1,"name":"Accueil","item":"https:\/\/www.triathlonquebec.org\/en\/"},{"@type":"ListItem","position":2,"name":"Actualit\u00e9s","item":"https:\/\/www.triathlonquebec.org\/en\/blogue\/"},{"@type":"ListItem","position":3,"name":"Finalistes du Gala Triathlon Qu\u00e9bec 2025"}]},{"@type":"WebSite","@id":"https:\/\/www.triathlonquebec.org\/en\/#website","url":"https:\/\/www.triathlonquebec.org\/en\/","name":"Triathlon Qu\u00e9bec","description":"","potentialAction":[{"@type":"SearchAction","target":{"@type":"EntryPoint","urlTemplate":"https:\/\/www.triathlonquebec.org\/en\/?s={search_term_string}"},"query-input":{"@type":"PropertyValueSpecification","valueRequired":true,"valueName":"search_term_string"}}],"inLanguage":"en-US"}]}},"_links":{"self":[{"href":"https:\/\/www.triathlonquebec.org\/en\/wp-json\/wp\/v2\/blogue\/1807561","targetHints":{"allow":["GET"]}}],"collection":[{"href":"https:\/\/www.triathlonquebec.org\/en\/wp-json\/wp\/v2\/blogue"}],"about":[{"href":"https:\/\/www.triathlonquebec.org\/en\/wp-json\/wp\/v2\/types\/blogue"}],"wp:featuredmedia":[{"embeddable":true,"href":"https:\/\/www.triathlonquebec.org\/en\/wp-json\/wp\/v2\/media\/1807703"}],"wp:attachment":[{"href":"https:\/\/www.triathlonquebec.org\/en\/wp-json\/wp\/v2\/media?parent=1807561"}],"wp:term":[{"taxonomy":"categorie-actualites","embeddable":true,"href":"https:\/\/www.triathlonquebec.org\/en\/wp-json\/wp\/v2\/categorie-actualites?post=1807561"}],"curies":[{"name":"wp","href":"https:\/\/api.w.org\/{rel}","templated":true}]}}