{"id":1810554,"date":"2026-09-03T09:51:06","date_gmt":"2026-09-03T14:51:06","guid":{"rendered":"https:\/\/www.triathlonquebec.org\/?post_type=blogue&#038;p=1810554"},"modified":"2026-09-03T12:11:14","modified_gmt":"2026-09-03T17:11:14","slug":"retour-sur-les-championnats-canadiens-elite-u23-junior-et-de-relais-par-equipe-mixte","status":"publish","type":"blogue","link":"https:\/\/www.triathlonquebec.org\/en\/blogue\/retour-sur-les-championnats-canadiens-elite-u23-junior-et-de-relais-par-equipe-mixte\/","title":{"rendered":"Retour sur les Championnats Canadiens \u00c9lite, U23, Junior et de relais par \u00e9quipe mixte"},"content":{"rendered":"\n<p class=\"wp-block-paragraph\">Du 17 au 24 ao\u00fbt dernier, trente athl\u00e8tes et cinq entra\u00eeneur\u00b7es du Qu\u00e9bec se sont d\u00e9plac\u00e9s \u00e0 Victoria en Colombie-Britannie pour un projet de pr\u00e9paration en vue des championnats canadiens \u00c9lite, U23, Junior et de relais par \u00e9quipe mixte. Au cours des jours pr\u00e9c\u00e9dant la comp\u00e9tition, le groupe a pu profiter du magnifique environnement de la c\u00f4te Ouest pour r\u00e9aliser des s\u00e9ances sp\u00e9cifiques \u00e0 la comp\u00e9titions, tout en c\u00f4toyant les athl\u00e8tes et entra\u00eeneurs de la communaut\u00e9 locale. Les athl\u00e8tes ont aussi eu l\u2019occasion de toucher \u00e0 l\u2019eau du Pacifique \u00e0 tous les jours pour s\u2019acclimater \u00e0 la temp\u00e9rature tr\u00e8s froide anticip\u00e9e lors de la comp\u00e9tition.<\/p>\n\n\n\n<p class=\"wp-block-paragraph\">Pour cette \u00e9dition des championnats canadiens, le format de comp\u00e9tition comportait des qualifications et des finales sur des distances de 300 m\u00e8tres de natation, 9,5 kilom\u00e8tres de v\u00e9lo et 3,5 kilom\u00e8tres de course \u00e0 pied. Les athl\u00e8tes \u00e9taient r\u00e9partis entre deux vagues de qualification et devaient terminer dans les 14 premiers pour passer en Finale A. Ce fut mission r\u00e9ussie pour la quasi-totalit\u00e9 des athl\u00e8tes impliqu\u00e9s. Pour des raisons de s\u00e9curit\u00e9, le format de la finale a \u00e9t\u00e9 modifi\u00e9e en duathlon, ce qui n\u2019a pas emp\u00each\u00e9 nos athl\u00e8tes d\u2019exprimer tout leur potentiel et de briller dans les diverses cat\u00e9gories en remportant trois titres et onze m\u00e9dailles individuelles ! Les r\u00e9sultats individuels se trouvent ici-bas et sont accessibles ici :&nbsp;<a href=\"https:\/\/my.raceresult.com\/417846\/results\">https:\/\/my.raceresult.com\/417846\/results<\/a>.<\/p>\n\n\n\n<p class=\"wp-block-paragraph\">Enfin, la journ\u00e9e du dimanche \u00e9tait d\u00e9di\u00e9e au relais par \u00e9quipe mixte, un retour apr\u00e8s huit ann\u00e9es d\u2019absence de cette discipline aux championnats canadiens. L\u2019\u00e9quipe du Qu\u00e9bec form\u00e9 de Ma\u00efra Carreau, L\u00e9andre Binette, Sophie Coulombe et Robi Racine a ex\u00e9cut\u00e9 une superbe performance collective et a remport\u00e9 la course et le titre.<\/p>\n\n\n\n<p class=\"wp-block-paragraph\">Le Qu\u00e9bec a pu aligner cinq autres \u00e9quipes qui ont respectivement termin\u00e9 3<sup>e<\/sup>, 5<sup>e<\/sup>, 6<sup>e<\/sup>, 7<sup>e<\/sup>&nbsp;et 9<sup>e<\/sup>&nbsp;d\u00e9montrant ainsi la force et la profondeur de la rel\u00e8ve qu\u00e9b\u00e9coise.<\/p>\n\n\n\n<p class=\"wp-block-paragraph\">Les r\u00e9sultats complets du relais sont accessibles ici :&nbsp;<a href=\"https:\/\/my.raceresult.com\/418019\/\">https:\/\/my.raceresult.com\/418019\/<\/a><\/p>\n\n\n\n<p class=\"wp-block-paragraph\">Ce projet a \u00e9t\u00e9 une belle r\u00e9ussite au plan sportif et humain, permettant aux athl\u00e8tes et entra\u00eeneurs de se c\u00f4toyer et de tisser des liens tout au long de la semaine.<\/p>\n\n\n\n<p class=\"wp-block-paragraph\">Nous tenons \u00e0 souligner l\u2019engagement des entra\u00eeneur\u00b7es pr\u00e9sent\u00b7es Kyla Rollinson, Pierre-Yves Gigou, Fr\u00e9d\u00e9ric Jardot, Doroth\u00e9e Chouinard et le travail d\u2019organisation et de logistique de Francis Sarrasin Larochelle et Daniel Soucy.<\/p>\n\n\n\n<p class=\"wp-block-paragraph\">Nous tenons \u00e0 remercier sinc\u00e8rement&nbsp;<strong>94 forward&nbsp;<\/strong>pour l\u2019accueil, le soutien logistique au transport et \u00e0 l\u2019h\u00e9bergement et le partage de leurs installations et sites d\u2019entra\u00eenement.<\/p>\n\n\n\n<p class=\"wp-block-paragraph\">Enfin, merci \u00e0 notre partenaire HUUB Canada et Natation Plus pour les v\u00eatements qui nous assurent une superbe visibilit\u00e9 d\u2019\u00e9quipe.<br><br><\/p>\n\n\n\n<figure class=\"wp-block-table\"><table class=\"has-fixed-layout\"><tbody><tr><td><strong>Femmes<\/strong><\/td><td><strong>Hommes<\/strong><\/td><\/tr><tr><td>Ma\u00efra Carreau, 2<sup>e<\/sup>&nbsp;\u00e9lite \u2013 Championne U23<\/td><td>L\u00e9andre Binette, 3<sup>e<\/sup>&nbsp;\u00e9lite \u2013 Champion U23<\/td><\/tr><tr><td>Emy Legault, 5<sup>e<\/sup>&nbsp;\u00e9lite<\/td><td>Robi Racine, 5<sup>e<\/sup>&nbsp;\u00e9lite \u2013 Champion Junior<\/td><\/tr><tr><td>Sara Champoux, 6<sup>e<\/sup>&nbsp;\u00e9lite \u2013 Argent Junior<\/td><td>Alexandre Leblanc, 6<sup>e<\/sup>&nbsp;\u00e9lite<\/td><\/tr><tr><td>Sophie Coulombe, 7<sup>e<\/sup>&nbsp;\u00e9lite \u2013 Bronze Junior<\/td><td>Simon Gagn\u00e9, 10<sup>e<\/sup>&nbsp;\u00e9lite \u2013 Argent Junior<\/td><\/tr><tr><td>Samantha Wood, 8<sup>e<\/sup>&nbsp;\u00e9lite<\/td><td>Olivier Houle, 11<sup>e&nbsp;<\/sup>\u00e9lite \u2013 Bronze Junior<\/td><\/tr><tr><td>Sarah-Maude L\u00e9vesque, 9<sup>e<\/sup>&nbsp;\u00e9lite \u2013 4<sup>e<\/sup>&nbsp;junior<\/td><td>Zach Daunais, 13<sup>e&nbsp;<\/sup>\u00e9lite \u2013 4<sup>e<\/sup>&nbsp;junior<\/td><\/tr><tr><td>Jeanne Gadbois, 10<sup>e<\/sup>&nbsp;\u00e9lite \u2013 5<sup>e<\/sup>&nbsp;junior<\/td><td>Hugo Ouellet, 16<sup>e&nbsp;<\/sup>\u00e9lite \u2013 7<sup>e<\/sup>&nbsp;junior<\/td><\/tr><tr><td>Ma\u00eblly Lamontagne, 12<sup>e<\/sup>&nbsp;\u00e9lite \u2013 6<sup>e<\/sup>&nbsp;junior<\/td><td>\u00c9douard Savoie, 17<sup>e&nbsp;<\/sup>\u00e9lite \u2013 8<sup>e<\/sup>&nbsp;junior<\/td><\/tr><tr><td>Joliane Martin, 14<sup>e<\/sup>&nbsp;\u00e9lite \u2013 7<sup>e<\/sup>&nbsp;junior<\/td><td>Th\u00e9odore Von Geyer, 18<sup>e<\/sup>&nbsp;\u00e9lite<\/td><\/tr><tr><td>Anabelle Saindon, 16<sup>e<\/sup>&nbsp;\u00e9lite<\/td><td>L\u00e9o Savoie, 19<sup>e<\/sup>&nbsp;\u00e9lite<\/td><\/tr><tr><td>Heidi K\u00f6szegi, 21<sup>e<\/sup>&nbsp;\u00e9lite \u2013 11<sup>e<\/sup>&nbsp;junior<\/td><td>Zakary Louis-Seize, 21<sup>e<\/sup>&nbsp;\u00e9lite<\/td><\/tr><tr><td>Mathilde Penelle, 26<sup>e<\/sup>&nbsp;\u00e9lite \u2013 15<sup>e<\/sup>&nbsp;junior<\/td><td>Vincent Fortin, 24<sup>e<\/sup>&nbsp;\u00e9lite<\/td><\/tr><tr><td>Chlo\u00e9 Desbiens, 27<sup>e<\/sup>&nbsp;\u00e9lite \u2013 16<sup>e<\/sup>&nbsp;junior<\/td><td>J\u00e9r\u00f4me C\u00f4t\u00e9, 24<sup>e&nbsp;<\/sup>\u2013 10<sup>e<\/sup>&nbsp;junior<\/td><\/tr><tr><td>Victoria R\u00e9millard, 29<sup>e<\/sup>&nbsp;\u00e9lite \u2013 18<sup>e<\/sup>&nbsp;junior<\/td><td>F\u00e9lix Gallant, 25<sup>e<\/sup>&nbsp;\u2013 11<sup>e<\/sup>&nbsp;junior<\/td><\/tr><tr><td>&nbsp;<\/td><td>Louis Marchand, 26<sup>e<\/sup><\/td><\/tr><tr><td>&nbsp;<\/td><td>Olivier Vaudrin, 34<sup>e<\/sup>&nbsp;\u2013 16<sup>e<\/sup>&nbsp;junior<\/td><\/tr><tr><td>&nbsp;<\/td><td>F\u00e9lix Roy, 40<sup>e<\/sup><\/td><\/tr><\/tbody><\/table><\/figure>\n","protected":false},"excerpt":{"rendered":"<p>Du 17 au 24 ao\u00fbt dernier, trente athl\u00e8tes et cinq entra\u00eeneur\u00b7es du Qu\u00e9bec se sont d\u00e9plac\u00e9s \u00e0 Victoria en Colombie-Britannie pour un projet de pr\u00e9paration en vue des championnats canadiens \u00c9lite, U23, Junior et de relais par \u00e9quipe mixte. Au cours des jours pr\u00e9c\u00e9dant la comp\u00e9tition, le groupe a pu profiter du magnifique environnement de [&hellip;]<\/p>\n","protected":false},"featured_media":1810555,"template":"","meta":[],"categorie-actualites":[],"class_list":["post-1810554","blogue","type-blogue","status-publish","has-post-thumbnail","hentry"],"yoast_head":"<!-- This site is optimized with the Yoast SEO plugin v28.4 - https:\/\/yoast.com\/product\/yoast-seo-wordpress\/ -->\n<title>Nouvelles |\u00a0Triathlon Qu\u00e9bec<\/title>\n<meta name=\"description\" content=\"R\u00e9sultats, \u00e9v\u00e9nements, portraits inspirants, restez connect\u00e9\u00b7e \u00e0 tout ce qui anime la communaut\u00e9 de triathlon au Qu\u00e9bec.\" \/>\n<meta name=\"robots\" content=\"index, follow, max-snippet:-1, max-image-preview:large, max-video-preview:-1\" \/>\n<link rel=\"canonical\" href=\"https:\/\/www.triathlonquebec.org\/en\/blogue\/retour-sur-les-championnats-canadiens-elite-u23-junior-et-de-relais-par-equipe-mixte\/\" \/>\n<meta property=\"og:locale\" content=\"en_US\" \/>\n<meta property=\"og:type\" content=\"article\" \/>\n<meta property=\"og:title\" content=\"Nouvelles |\u00a0Triathlon Qu\u00e9bec\" \/>\n<meta property=\"og:description\" content=\"R\u00e9sultats, \u00e9v\u00e9nements, portraits inspirants, restez connect\u00e9\u00b7e \u00e0 tout ce qui anime la communaut\u00e9 de triathlon au Qu\u00e9bec.\" \/>\n<meta property=\"og:url\" content=\"https:\/\/www.triathlonquebec.org\/en\/blogue\/retour-sur-les-championnats-canadiens-elite-u23-junior-et-de-relais-par-equipe-mixte\/\" \/>\n<meta property=\"og:site_name\" content=\"Triathlon Qu\u00e9bec\" \/>\n<meta property=\"article:modified_time\" content=\"2026-09-03T17:11:14+00:00\" \/>\n<meta property=\"og:image\" content=\"https:\/\/www.triathlonquebec.org\/wp-content\/uploads\/2026\/09\/Victo_sept-1024x284.png\" \/>\n\t<meta property=\"og:image:width\" content=\"1024\" \/>\n\t<meta property=\"og:image:height\" content=\"284\" \/>\n\t<meta property=\"og:image:type\" content=\"image\/png\" \/>\n<meta name=\"twitter:card\" content=\"summary_large_image\" \/>\n<meta name=\"twitter:label1\" content=\"Est. reading time\" \/>\n\t<meta name=\"twitter:data1\" content=\"4 minutes\" \/>\n<script type=\"application\/ld+json\" class=\"yoast-schema-graph\">{\"@context\":\"https:\\\/\\\/schema.org\",\"@graph\":[{\"@type\":\"WebPage\",\"@id\":\"https:\\\/\\\/www.triathlonquebec.org\\\/en\\\/blogue\\\/retour-sur-les-championnats-canadiens-elite-u23-junior-et-de-relais-par-equipe-mixte\\\/\",\"url\":\"https:\\\/\\\/www.triathlonquebec.org\\\/en\\\/blogue\\\/retour-sur-les-championnats-canadiens-elite-u23-junior-et-de-relais-par-equipe-mixte\\\/\",\"name\":\"Nouvelles |\u00a0Triathlon Qu\u00e9bec\",\"isPartOf\":{\"@id\":\"https:\\\/\\\/www.triathlonquebec.org\\\/en\\\/#website\"},\"primaryImageOfPage\":{\"@id\":\"https:\\\/\\\/www.triathlonquebec.org\\\/en\\\/blogue\\\/retour-sur-les-championnats-canadiens-elite-u23-junior-et-de-relais-par-equipe-mixte\\\/#primaryimage\"},\"image\":{\"@id\":\"https:\\\/\\\/www.triathlonquebec.org\\\/en\\\/blogue\\\/retour-sur-les-championnats-canadiens-elite-u23-junior-et-de-relais-par-equipe-mixte\\\/#primaryimage\"},\"thumbnailUrl\":\"https:\\\/\\\/www.triathlonquebec.org\\\/wp-content\\\/uploads\\\/2026\\\/09\\\/Victo_sept-scaled.png\",\"datePublished\":\"2026-09-03T14:51:06+00:00\",\"dateModified\":\"2026-09-03T17:11:14+00:00\",\"description\":\"R\u00e9sultats, \u00e9v\u00e9nements, portraits inspirants, restez connect\u00e9\u00b7e \u00e0 tout ce qui anime la communaut\u00e9 de triathlon au Qu\u00e9bec.\",\"breadcrumb\":{\"@id\":\"https:\\\/\\\/www.triathlonquebec.org\\\/en\\\/blogue\\\/retour-sur-les-championnats-canadiens-elite-u23-junior-et-de-relais-par-equipe-mixte\\\/#breadcrumb\"},\"inLanguage\":\"en-US\",\"potentialAction\":[{\"@type\":\"ReadAction\",\"target\":[\"https:\\\/\\\/www.triathlonquebec.org\\\/en\\\/blogue\\\/retour-sur-les-championnats-canadiens-elite-u23-junior-et-de-relais-par-equipe-mixte\\\/\"]}]},{\"@type\":\"ImageObject\",\"inLanguage\":\"en-US\",\"@id\":\"https:\\\/\\\/www.triathlonquebec.org\\\/en\\\/blogue\\\/retour-sur-les-championnats-canadiens-elite-u23-junior-et-de-relais-par-equipe-mixte\\\/#primaryimage\",\"url\":\"https:\\\/\\\/www.triathlonquebec.org\\\/wp-content\\\/uploads\\\/2026\\\/09\\\/Victo_sept-scaled.png\",\"contentUrl\":\"https:\\\/\\\/www.triathlonquebec.org\\\/wp-content\\\/uploads\\\/2026\\\/09\\\/Victo_sept-scaled.png\",\"width\":2560,\"height\":711},{\"@type\":\"BreadcrumbList\",\"@id\":\"https:\\\/\\\/www.triathlonquebec.org\\\/en\\\/blogue\\\/retour-sur-les-championnats-canadiens-elite-u23-junior-et-de-relais-par-equipe-mixte\\\/#breadcrumb\",\"itemListElement\":[{\"@type\":\"ListItem\",\"position\":1,\"name\":\"Accueil\",\"item\":\"https:\\\/\\\/www.triathlonquebec.org\\\/en\\\/\"},{\"@type\":\"ListItem\",\"position\":2,\"name\":\"Actualit\u00e9s\",\"item\":\"https:\\\/\\\/www.triathlonquebec.org\\\/en\\\/blogue\\\/\"},{\"@type\":\"ListItem\",\"position\":3,\"name\":\"Retour sur les Championnats Canadiens \u00c9lite, U23, Junior et de relais par \u00e9quipe mixte\"}]},{\"@type\":\"WebSite\",\"@id\":\"https:\\\/\\\/www.triathlonquebec.org\\\/en\\\/#website\",\"url\":\"https:\\\/\\\/www.triathlonquebec.org\\\/en\\\/\",\"name\":\"Triathlon Qu\u00e9bec\",\"description\":\"\",\"potentialAction\":[{\"@type\":\"SearchAction\",\"target\":{\"@type\":\"EntryPoint\",\"urlTemplate\":\"https:\\\/\\\/www.triathlonquebec.org\\\/en\\\/?s={search_term_string}\"},\"query-input\":{\"@type\":\"PropertyValueSpecification\",\"valueRequired\":true,\"valueName\":\"search_term_string\"}}],\"inLanguage\":\"en-US\"}]}<\/script>\n<!-- \/ Yoast SEO plugin. -->","yoast_head_json":{"title":"Nouvelles |\u00a0Triathlon Qu\u00e9bec","description":"R\u00e9sultats, \u00e9v\u00e9nements, portraits inspirants, restez connect\u00e9\u00b7e \u00e0 tout ce qui anime la communaut\u00e9 de triathlon au Qu\u00e9bec.","robots":{"index":"index","follow":"follow","max-snippet":"max-snippet:-1","max-image-preview":"max-image-preview:large","max-video-preview":"max-video-preview:-1"},"canonical":"https:\/\/www.triathlonquebec.org\/en\/blogue\/retour-sur-les-championnats-canadiens-elite-u23-junior-et-de-relais-par-equipe-mixte\/","og_locale":"en_US","og_type":"article","og_title":"Nouvelles |\u00a0Triathlon Qu\u00e9bec","og_description":"R\u00e9sultats, \u00e9v\u00e9nements, portraits inspirants, restez connect\u00e9\u00b7e \u00e0 tout ce qui anime la communaut\u00e9 de triathlon au Qu\u00e9bec.","og_url":"https:\/\/www.triathlonquebec.org\/en\/blogue\/retour-sur-les-championnats-canadiens-elite-u23-junior-et-de-relais-par-equipe-mixte\/","og_site_name":"Triathlon Qu\u00e9bec","article_modified_time":"2026-09-03T17:11:14+00:00","og_image":[{"width":1024,"height":284,"url":"https:\/\/www.triathlonquebec.org\/wp-content\/uploads\/2026\/09\/Victo_sept-1024x284.png","type":"image\/png"}],"twitter_card":"summary_large_image","twitter_misc":{"Est. reading time":"4 minutes"},"schema":{"@context":"https:\/\/schema.org","@graph":[{"@type":"WebPage","@id":"https:\/\/www.triathlonquebec.org\/en\/blogue\/retour-sur-les-championnats-canadiens-elite-u23-junior-et-de-relais-par-equipe-mixte\/","url":"https:\/\/www.triathlonquebec.org\/en\/blogue\/retour-sur-les-championnats-canadiens-elite-u23-junior-et-de-relais-par-equipe-mixte\/","name":"Nouvelles |\u00a0Triathlon Qu\u00e9bec","isPartOf":{"@id":"https:\/\/www.triathlonquebec.org\/en\/#website"},"primaryImageOfPage":{"@id":"https:\/\/www.triathlonquebec.org\/en\/blogue\/retour-sur-les-championnats-canadiens-elite-u23-junior-et-de-relais-par-equipe-mixte\/#primaryimage"},"image":{"@id":"https:\/\/www.triathlonquebec.org\/en\/blogue\/retour-sur-les-championnats-canadiens-elite-u23-junior-et-de-relais-par-equipe-mixte\/#primaryimage"},"thumbnailUrl":"https:\/\/www.triathlonquebec.org\/wp-content\/uploads\/2026\/09\/Victo_sept-scaled.png","datePublished":"2026-09-03T14:51:06+00:00","dateModified":"2026-09-03T17:11:14+00:00","description":"R\u00e9sultats, \u00e9v\u00e9nements, portraits inspirants, restez connect\u00e9\u00b7e \u00e0 tout ce qui anime la communaut\u00e9 de triathlon au Qu\u00e9bec.","breadcrumb":{"@id":"https:\/\/www.triathlonquebec.org\/en\/blogue\/retour-sur-les-championnats-canadiens-elite-u23-junior-et-de-relais-par-equipe-mixte\/#breadcrumb"},"inLanguage":"en-US","potentialAction":[{"@type":"ReadAction","target":["https:\/\/www.triathlonquebec.org\/en\/blogue\/retour-sur-les-championnats-canadiens-elite-u23-junior-et-de-relais-par-equipe-mixte\/"]}]},{"@type":"ImageObject","inLanguage":"en-US","@id":"https:\/\/www.triathlonquebec.org\/en\/blogue\/retour-sur-les-championnats-canadiens-elite-u23-junior-et-de-relais-par-equipe-mixte\/#primaryimage","url":"https:\/\/www.triathlonquebec.org\/wp-content\/uploads\/2026\/09\/Victo_sept-scaled.png","contentUrl":"https:\/\/www.triathlonquebec.org\/wp-content\/uploads\/2026\/09\/Victo_sept-scaled.png","width":2560,"height":711},{"@type":"BreadcrumbList","@id":"https:\/\/www.triathlonquebec.org\/en\/blogue\/retour-sur-les-championnats-canadiens-elite-u23-junior-et-de-relais-par-equipe-mixte\/#breadcrumb","itemListElement":[{"@type":"ListItem","position":1,"name":"Accueil","item":"https:\/\/www.triathlonquebec.org\/en\/"},{"@type":"ListItem","position":2,"name":"Actualit\u00e9s","item":"https:\/\/www.triathlonquebec.org\/en\/blogue\/"},{"@type":"ListItem","position":3,"name":"Retour sur les Championnats Canadiens \u00c9lite, U23, Junior et de relais par \u00e9quipe mixte"}]},{"@type":"WebSite","@id":"https:\/\/www.triathlonquebec.org\/en\/#website","url":"https:\/\/www.triathlonquebec.org\/en\/","name":"Triathlon Qu\u00e9bec","description":"","potentialAction":[{"@type":"SearchAction","target":{"@type":"EntryPoint","urlTemplate":"https:\/\/www.triathlonquebec.org\/en\/?s={search_term_string}"},"query-input":{"@type":"PropertyValueSpecification","valueRequired":true,"valueName":"search_term_string"}}],"inLanguage":"en-US"}]}},"_links":{"self":[{"href":"https:\/\/www.triathlonquebec.org\/en\/wp-json\/wp\/v2\/blogue\/1810554","targetHints":{"allow":["GET"]}}],"collection":[{"href":"https:\/\/www.triathlonquebec.org\/en\/wp-json\/wp\/v2\/blogue"}],"about":[{"href":"https:\/\/www.triathlonquebec.org\/en\/wp-json\/wp\/v2\/types\/blogue"}],"wp:featuredmedia":[{"embeddable":true,"href":"https:\/\/www.triathlonquebec.org\/en\/wp-json\/wp\/v2\/media\/1810555"}],"wp:attachment":[{"href":"https:\/\/www.triathlonquebec.org\/en\/wp-json\/wp\/v2\/media?parent=1810554"}],"wp:term":[{"taxonomy":"categorie-actualites","embeddable":true,"href":"https:\/\/www.triathlonquebec.org\/en\/wp-json\/wp\/v2\/categorie-actualites?post=1810554"}],"curies":[{"name":"wp","href":"https:\/\/api.w.org\/{rel}","templated":true}]}}